{"id":152,"date":"2026-02-02T05:01:09","date_gmt":"2026-02-02T08:01:09","guid":{"rendered":"https:\/\/suaviagembrasil.com.br\/blog\/planejando-viagens-com-pessoas-com-mobilidade-reduzida\/"},"modified":"2026-02-02T05:01:09","modified_gmt":"2026-02-02T08:01:09","slug":"planejando-viagens-com-pessoas-com-mobilidade-reduzida","status":"publish","type":"post","link":"https:\/\/suaviagembrasil.com.br\/blog\/planejando-viagens-com-pessoas-com-mobilidade-reduzida\/","title":{"rendered":"Planejando viagens com pessoas com mobilidade reduzida"},"content":{"rendered":"<h2>Abordagens Essenciais para Viagens Acess\u00edveis e Inclusivas<\/h2>\n<p>Planejando viagens com pessoas com mobilidade reduzida exige uma aten\u00e7\u00e3o especial a detalhes que, em outras circunst\u00e2ncias, poderiam passar despercebidos. A busca por autonomia e inclus\u00e3o no setor de turismo tem impulsionado a cria\u00e7\u00e3o de novas solu\u00e7\u00f5es e a adapta\u00e7\u00e3o de servi\u00e7os. No entanto, a responsabilidade maior ainda recai sobre o planejamento pr\u00e9vio. Entender as necessidades espec\u00edficas e antecipar obst\u00e1culos s\u00e3o passos fundamentais. Garantir o suporte adequado \u00e9 essencial para uma jornada prazerosa e segura. <\/p>\n<p>A experi\u00eancia de viajar pode ser transformadora para todos, independentemente das suas condi\u00e7\u00f5es f\u00edsicas. O Brasil, com sua vasta extens\u00e3o e diversidade cultural, oferece incont\u00e1veis oportunidades para explora\u00e7\u00e3o. Contudo, a infraestrutura nem sempre acompanha o desejo de aventura. \u00c9 nesse cen\u00e1rio que um planejamento meticuloso se torna a espinha dorsal de qualquer viagem bem-sucedida. <\/p>\n<p>A\u00e7\u00f5es simples, como verificar a acessibilidade de cal\u00e7adas ou a disponibilidade de rampas, podem fazer uma diferen\u00e7a significativa. Conhecer as pol\u00edticas de companhias a\u00e9reas e de hot\u00e9is \u00e9 outro ponto crucial. Este artigo explora as melhores pr\u00e1ticas e considera\u00e7\u00f5es essenciais para empoderar viajantes. Queremos ajudar fam\u00edlias e profissionais em deslocamento a tomar decis\u00f5es informadas. Assim, as barreiras f\u00edsicas se tornam menos intimidantes. <\/p>\n<h3>A Import\u00e2ncia do Planejamento Detalhado<\/h3>\n<p>O planejamento \u00e9, sem d\u00favida, o pilar central de qualquer viagem bem-sucedida. Para indiv\u00edduos com mobilidade reduzida, essa etapa adquire uma relev\u00e2ncia ainda maior. Come\u00e7a com a defini\u00e7\u00e3o clara das necessidades do viajante. Isso inclui tipo de cadeira de rodas, uso de equipamentos de apoio ou requerimentos m\u00e9dicos espec\u00edficos. Cada detalhe pode influenciar a escolha do destino, o meio de transporte e a hospedagem. <\/p>\n<p>A aten\u00e7\u00e3o aos detalhes no processo de Planejando viagens com pessoas com mobilidade reduzida \u00e9 o que garante uma experi\u00eancia enriquecedora e livre de imprevistos. Uma pesquisa aprofundada sobre a infraestrutura de acessibilidade do local \u00e9 indispens\u00e1vel. Isso vale para aeroportos, esta\u00e7\u00f5es de trem, rodovi\u00e1rias e os pr\u00f3prios pontos tur\u00edsticos. Consultar f\u00f3runs e comunidades online de viajantes com defici\u00eancia pode oferecer insights valiosos e recomenda\u00e7\u00f5es pr\u00e1ticas. <\/p>\n<p>A antecipa\u00e7\u00e3o de problemas e a cria\u00e7\u00e3o de planos de conting\u00eancia s\u00e3o aspectos cruciais. Pense em situa\u00e7\u00f5es como a necessidade de assist\u00eancia m\u00e9dica, falha de equipamentos ou barreiras inesperadas. Ter contatos de emerg\u00eancia e informa\u00e7\u00f5es sobre servi\u00e7os de sa\u00fade no destino \u00e9 vital. \u00c9 recomend\u00e1vel preparar uma lista de itens essenciais, incluindo medicamentos e pe\u00e7as de reposi\u00e7\u00e3o para equipamentos. A organiza\u00e7\u00e3o pr\u00e9via minimiza o estresse e maximiza as chances de uma viagem tranquila. <\/p>\n<p>Continue aprendendo sobre planejamento de viagens e prote\u00e7\u00e3o em deslocamentos.<\/p>\n<h3>Escolha de Destinos e Acomoda\u00e7\u00f5es Acess\u00edveis<\/h3>\n<p>Selecionar um destino que realmente ofere\u00e7a condi\u00e7\u00f5es de acessibilidade \u00e9 o primeiro passo concreto. Nem todas as cidades ou pontos tur\u00edsticos est\u00e3o preparados para receber todos os tipos de visitantes. Pesquisar sobre a infraestrutura local \u00e9 fundamental. Verifique a exist\u00eancia de rampas, elevadores e banheiros adaptados em hot\u00e9is, restaurantes e atra\u00e7\u00f5es. Muitos destinos internacionais e algumas cidades brasileiras t\u00eam se destacado na promo\u00e7\u00e3o do turismo acess\u00edvel, investindo em infraestrutura e treinamento. <\/p>\n<p>Ao escolher a acomoda\u00e7\u00e3o, n\u00e3o se limite a buscar &#8220;quartos acess\u00edveis&#8221; no site. Entre em contato direto com o hotel ou pousada. Fa\u00e7a perguntas espec\u00edficas sobre as dimens\u00f5es das portas, a altura da cama, barras de apoio no banheiro e a disponibilidade de chuveiros sem degraus. Fotos e v\u00eddeos do quarto e das \u00e1reas comuns podem ser solicitados. Isso permite uma avalia\u00e7\u00e3o mais precisa da adequa\u00e7\u00e3o \u00e0s suas necessidades. Confirmar por escrito todas as adapta\u00e7\u00f5es prometidas \u00e9 uma boa pr\u00e1tica para evitar surpresas. <\/p>\n<p>Considerar a proximidade da acomoda\u00e7\u00e3o com os pontos de interesse tamb\u00e9m \u00e9 importante. Um hotel central, mesmo que um pouco mais caro, pode economizar tempo e esfor\u00e7o em deslocamentos. Verifique a acessibilidade das rotas entre o hotel e as atra\u00e7\u00f5es. Isso inclui cal\u00e7adas, transporte p\u00fablico e servi\u00e7os de t\u00e1xi adaptados. Alguns hot\u00e9is oferecem servi\u00e7os de aluguel de equipamentos de mobilidade. Essa op\u00e7\u00e3o pode simplificar a log\u00edstica da viagem e aumentar a conveni\u00eancia. <\/p>\n<h3>Transporte: Desafios e Solu\u00e7\u00f5es para Mobilidade Reduzida<\/h3>\n<p>O transporte \u00e9 um dos maiores desafios para viajantes com mobilidade reduzida. Cada modalidade apresenta suas particularidades e requisitos. No transporte a\u00e9reo, \u00e9 essencial informar a companhia a\u00e9rea com anteced\u00eancia sobre suas necessidades especiais. Isso inclui o tipo de cadeira de rodas, se \u00e9 motorizada, e qualquer assist\u00eancia para embarque e desembarque. As companhias a\u00e9reas possuem pol\u00edticas espec\u00edficas para o transporte de equipamentos. Elas tamb\u00e9m oferecem aux\u00edlio para movimenta\u00e7\u00e3o dentro do aeroporto. <\/p>\n<p>Para viagens terrestres de \u00f4nibus ou trem, a situa\u00e7\u00e3o \u00e9 similar. \u00c9 preciso verificar a acessibilidade dos ve\u00edculos e das esta\u00e7\u00f5es. Muitas empresas de \u00f4nibus no Brasil contam com frotas adaptadas, mas a disponibilidade pode variar. \u00c9 sempre recomend\u00e1vel reservar com anteced\u00eancia e confirmar a disponibilidade do equipamento de acesso. Plataformas elevat\u00f3rias e espa\u00e7os designados para cadeiras de rodas s\u00e3o fundamentais. Alguns servi\u00e7os de trem, especialmente em rotas de longa dist\u00e2ncia, oferecem cabines e banheiros adaptados, o que aumenta o conforto e a seguran\u00e7a. <\/p>\n<p>No transporte urbano, t\u00e1xis e aplicativos de transporte t\u00eam evolu\u00eddo. Existem servi\u00e7os que oferecem ve\u00edculos adaptados para cadeiras de rodas. No entanto, a disponibilidade pode ser limitada, especialmente em cidades menores. Pesquisar e reservar esses servi\u00e7os com anteced\u00eancia \u00e9 crucial para garantir a locomo\u00e7\u00e3o. Considerar a loca\u00e7\u00e3o de um ve\u00edculo adaptado pode ser uma alternativa vi\u00e1vel, oferecendo maior flexibilidade e autonomia durante a viagem. Verifique sempre as condi\u00e7\u00f5es de aluguel e as exig\u00eancias locais. <\/p>\n<p>Descubra como o seguro viagem pode trazer mais seguran\u00e7a para cada destino.<\/p>\n<h3>Tecnologia e Ferramentas de Apoio<\/h3>\n<p>A tecnologia tem sido uma aliada poderosa na supera\u00e7\u00e3o de barreiras. Diversos aplicativos e plataformas digitais facilitam o planejamento de viagens acess\u00edveis. Existem apps que mapeiam rotas acess\u00edveis, indicando rampas, elevadores e desvios. Outros fornecem informa\u00e7\u00f5es sobre banheiros adaptados em tempo real. Essas ferramentas s\u00e3o valiosas para a navega\u00e7\u00e3o em ambientes desconhecidos. Elas ajudam a evitar surpresas desagrad\u00e1veis e otimizam o tempo de deslocamento. <\/p>\n<p>Dispositivos de comunica\u00e7\u00e3o e tradu\u00e7\u00e3o tamb\u00e9m podem ser muito \u00fateis. Para viajantes com outras defici\u00eancias, como auditiva ou visual, a tecnologia oferece solu\u00e7\u00f5es ainda mais amplas. Aplicativos de voz para texto, guias com audiodescri\u00e7\u00e3o e mapas t\u00e1teis s\u00e3o exemplos. A internet possibilita a busca por informa\u00e7\u00f5es detalhadas sobre acessibilidade em qualquer lugar do mundo. Blogs especializados e grupos em redes sociais s\u00e3o fontes ricas de conhecimento e experi\u00eancias compartilhadas. <\/p>\n<p>O uso de wearables, como smartwatches, pode oferecer funcionalidades importantes. Monitoramento de sa\u00fade, alertas de emerg\u00eancia e localiza\u00e7\u00e3o s\u00e3o alguns exemplos. Eles adicionam uma camada extra de seguran\u00e7a e tranquilidade para o viajante e seus acompanhantes. Certifique-se de ter baterias extras e adaptadores compat\u00edveis. Garanta que seus dispositivos estejam sempre carregados e funcionando adequadamente. A depend\u00eancia da tecnologia exige um planejamento cuidadoso de energia para evitar interrup\u00e7\u00f5es. <\/p>\n<h3>Documenta\u00e7\u00e3o e Assist\u00eancia Especializada<\/h3>\n<p>A prepara\u00e7\u00e3o da documenta\u00e7\u00e3o vai al\u00e9m dos passaportes e vistos. Para viajantes com mobilidade reduzida, \u00e9 importante carregar consigo atestados m\u00e9dicos, receitas de medicamentos e uma lista de contatos de emerg\u00eancia. Traduzir esses documentos para o idioma local pode ser essencial para agilizar qualquer atendimento m\u00e9dico ou emergencial. Um cart\u00e3o de identifica\u00e7\u00e3o com informa\u00e7\u00f5es sobre a condi\u00e7\u00e3o do viajante e suas necessidades tamb\u00e9m \u00e9 recomendado, facilitando a comunica\u00e7\u00e3o em caso de necessidade. <\/p>\n<p>Em muitos destinos, h\u00e1 servi\u00e7os de assist\u00eancia especializada para viajantes com defici\u00eancia. Ag\u00eancias de turismo focadas em acessibilidade podem organizar toda a viagem. Elas cuidam desde o transporte adaptado at\u00e9 guias tur\u00edsticos treinados. Esses profissionais possuem o conhecimento e a experi\u00eancia para lidar com as particularidades de cada situa\u00e7\u00e3o. A expertise deles pode transformar uma viagem complexa em uma experi\u00eancia suave e enriquecedora, com suporte em todas as etapas do percurso. <\/p>\n<p>Informar-se sobre as pol\u00edticas de seguro viagem \u00e9 de extrema import\u00e2ncia. Nem todas as ap\u00f3lices cobrem condi\u00e7\u00f5es preexistentes ou oferecem cobertura para equipamentos de mobilidade. \u00c9 crucial ler atentamente as letras mi\u00fadas. Procure uma seguradora que ofere\u00e7a planos espec\u00edficos para suas necessidades, consultando o site <a href=\"https:\/\/www.planosaudevida.com.br\/\">Plano Sa\u00fade Vida Brasil<\/a> para mais detalhes. Um bom seguro pode ser a diferen\u00e7a entre um imprevisto gerenciar\u00e1vel e um grande problema financeiro. Al\u00e9m do seguro, a prepara\u00e7\u00e3o da documenta\u00e7\u00e3o espec\u00edfica para Planejando viagens com pessoas com mobilidade reduzida \u00e9 um ponto crucial. <strong>Investir em um seguro adequado \u00e9 uma demonstra\u00e7\u00e3o de prud\u00eancia.<\/strong><\/p>\n<p>Aprofunde seu conhecimento sobre coberturas e cuidados antes de viajar.<\/p>\n<h3>Cuidando da Sa\u00fade e Bem-Estar Durante a Viagem<\/h3>\n<p>Manter a sa\u00fade e o bem-estar \u00e9 uma prioridade em qualquer viagem, mas se torna ainda mais cr\u00edtico para pessoas com mobilidade reduzida. Antes de partir, uma consulta m\u00e9dica \u00e9 aconselh\u00e1vel. Discuta os planos de viagem com seu m\u00e9dico. Obtenha recomenda\u00e7\u00f5es sobre medicamentos, vacinas e cuidados preventivos. Leve consigo uma quantidade suficiente de medicamentos para toda a dura\u00e7\u00e3o da viagem, com um extra para imprevistos. Informa\u00e7\u00f5es sobre cuidados de bem-estar est\u00e3o dispon\u00edveis em <a href=\"https:\/\/www.suavidabrasil.com.br\/\">Sua Vida Brasil<\/a>. <\/p>\n<p>Durante a viagem, preste aten\u00e7\u00e3o aos sinais do corpo e n\u00e3o hesite em descansar quando necess\u00e1rio. A fadiga pode ser um fator complicador. Mantenha-se hidratado e alimente-se bem. Evite exageros que possam comprometer sua sa\u00fade. Se for para um destino com clima muito diferente, adapte-se gradualmente, usando roupas adequadas e protegendo-se do sol ou do frio. Conhecer os hospitais e cl\u00ednicas acess\u00edveis no destino \u00e9 uma precau\u00e7\u00e3o inteligente. <\/p>\n<p>A sa\u00fade mental tamb\u00e9m \u00e9 fundamental para o sucesso de uma viagem. Viajar pode ser estressante, mesmo com todo o planejamento. Mantenha suas rotinas de relaxamento e pratique atividades que lhe d\u00e3o prazer. Se sentir necessidade, converse com seus acompanhantes. O apoio emocional \u00e9 t\u00e3o importante quanto o suporte f\u00edsico. Uma viagem bem planejada reduzir\u00e1 ansiedades e permitir\u00e1 uma experi\u00eancia mais completa. <strong>Um bom planejamento transforma desafios em oportunidades memor\u00e1veis.<\/strong><\/p>\n<p>Veja mais an\u00e1lises sobre riscos, imprevistos e formas de se proteger em viagens.<\/p>\n<h3>Pol\u00edticas P\u00fablicas e Direitos do Viajante Acess\u00edvel<\/h3>\n<p>O reconhecimento da import\u00e2ncia do turismo acess\u00edvel tem levado governos e organiza\u00e7\u00f5es a criar pol\u00edticas p\u00fablicas. No Brasil, leis como o Estatuto da Pessoa com Defici\u00eancia garantem direitos fundamentais. Elas exigem a adapta\u00e7\u00e3o de infraestruturas e servi\u00e7os. Essas normas visam assegurar que todos tenham acesso igualit\u00e1rio a espa\u00e7os e transportes. A fiscaliza\u00e7\u00e3o e o cumprimento dessas leis, no entanto, ainda representam um desafio significativo em muitas regi\u00f5es do pa\u00eds. <\/p>\n<p>Informar-se sobre esses direitos \u00e9 uma forma de empoderamento para o viajante. Conhecer as obriga\u00e7\u00f5es das companhias a\u00e9reas, dos hot\u00e9is e dos transportes p\u00fablicos \u00e9 crucial para reivindicar servi\u00e7os adequados e denunciar infra\u00e7\u00f5es. Organiza\u00e7\u00f5es da sociedade civil atuam na defesa desses direitos, oferecendo suporte e orienta\u00e7\u00e3o a pessoas com defici\u00eancia. <strong>A conscientiza\u00e7\u00e3o sobre os direitos \u00e9 um passo vital para a inclus\u00e3o.<\/strong><\/p>\n<p>Em n\u00edvel internacional, conven\u00e7\u00f5es e acordos tamb\u00e9m promovem a acessibilidade. A Organiza\u00e7\u00e3o Mundial do Turismo (OMT) tem diretrizes para o turismo acess\u00edvel, incentivando os pa\u00edses a desenvolverem infraestruturas inclusivas. Essas iniciativas mostram um movimento global em dire\u00e7\u00e3o a um turismo mais equitativo. Contudo, a efetiva\u00e7\u00e3o dessas pol\u00edticas depende do engajamento de todos os setores. A busca por garantir que o processo de Planejando viagens com pessoas com mobilidade reduzida seja respeitoso e livre de barreiras continua sendo uma prioridade para legisladores e ativistas. <\/p>\n<p>A ANAC, por exemplo, estabelece regras claras para o transporte a\u00e9reo de passageiros com necessidades especiais. <a href=\"https:\/\/www.gov.br\/anac\/pt-br\/assuntos\/passageiros\/passageiros-com-necessidades-de-assistencia-especial-pnae\">Essas normas garantem assist\u00eancia desde o check-in at\u00e9 o desembarque<\/a>. O Itamaraty, atrav\u00e9s de suas embaixadas e consulados, tamb\u00e9m pode oferecer apoio a cidad\u00e3os brasileiros no exterior, inclusive em situa\u00e7\u00f5es de emerg\u00eancia ou para quest\u00f5es de acessibilidade. Verificar essas fontes oficiais antes de viajar \u00e9 sempre uma boa pr\u00e1tica para se preparar adequadamente para a jornada. Mais informa\u00e7\u00f5es sobre viagens e destinos est\u00e3o dispon\u00edveis em <a href=\"https:\/\/www.suaviagembrasil.com.br\/\">Sua Viagem Brasil<\/a>. <\/p>\n<h2>Boas Pr\u00e1ticas e Recomenda\u00e7\u00f5es Finais para Viagens Inclusivas<\/h2>\n<h3>Tomada de Decis\u00e3o e Impacto no Cotidiano do Viajante<\/h3>\n<p>A decis\u00e3o de viajar para pessoas com mobilidade reduzida \u00e9 um ato de coragem e desejo de explorar o mundo. No entanto, ela precisa ser embasada em informa\u00e7\u00f5es s\u00f3lidas e um planejamento impec\u00e1vel para ser bem-sucedida. O impacto de uma viagem bem-sucedida, especialmente quando se trata de Planejando viagens com pessoas com mobilidade reduzida, transcende o momento do lazer. Ele refor\u00e7a a autonomia, a autoestima e a inclus\u00e3o social do indiv\u00edduo, promovendo um senso de pertencimento e liberdade. <\/p>\n<p>Por outro lado, uma experi\u00eancia negativa, por falta de planejamento ou acessibilidade inadequada, pode gerar frustra\u00e7\u00f5es e desmotiva\u00e7\u00e3o. \u00c9 por isso que cada etapa, desde a escolha do destino at\u00e9 o retorno, merece aten\u00e7\u00e3o m\u00e1xima e rigorosa avalia\u00e7\u00e3o. O setor de turismo tem um papel fundamental nessa transforma\u00e7\u00e3o, e a conscientiza\u00e7\u00e3o e o investimento em acessibilidade n\u00e3o s\u00e3o apenas uma quest\u00e3o de conformidade legal. Eles representam uma oportunidade de mercado e um compromisso \u00e9tico. A demanda por viagens acess\u00edveis est\u00e1 crescendo, exigindo que empresas e governos se adaptem rapidamente. Ao final, o objetivo \u00e9 garantir que a liberdade de ir e vir seja um direito universal, exercido com dignidade e seguran\u00e7a para todos os cidad\u00e3os. <\/p>\n<h3>Mini-FAQ<\/h3>\n<p><strong>Quais crit\u00e9rios devo usar para avaliar a acessibilidade de um destino?<\/strong><\/p>\n<p>Considere a infraestrutura de transporte local, a presen\u00e7a de rampas e elevadores em edif\u00edcios, a acessibilidade de cal\u00e7adas, banheiros adaptados em locais p\u00fablicos e a disponibilidade de servi\u00e7os de sa\u00fade acess\u00edveis. Pesquise avalia\u00e7\u00f5es de outros viajantes com mobilidade reduzida em plataformas especializadas.<\/p>\n<p><strong>Qual a import\u00e2ncia de buscar orienta\u00e7\u00e3o especializada para planejar uma viagem acess\u00edvel?<\/strong><\/p>\n<p>Orienta\u00e7\u00e3o especializada, de ag\u00eancias ou consultores de turismo acess\u00edvel, pode fornecer informa\u00e7\u00f5es detalhadas e personalizadas. Eles t\u00eam conhecimento profundo sobre destinos, acomoda\u00e7\u00f5es e transportes que atendem a necessidades espec\u00edficas, evitando frustra\u00e7\u00f5es e otimizando o planejamento geral da viagem. <\/p>\n<p><strong>Existem normas ou pol\u00edticas p\u00fablicas recentes que impactam o turismo acess\u00edvel no Brasil?<\/strong><\/p>\n<p>Sim, o Estatuto da Pessoa com Defici\u00eancia (Lei n\u00ba 13.146\/2015) \u00e9 a principal legisla\u00e7\u00e3o. Ele estabelece diretrizes para a acessibilidade em transportes, hot\u00e9is e locais p\u00fablicos. H\u00e1 tamb\u00e9m regulamenta\u00e7\u00f5es espec\u00edficas da ANAC para transporte a\u00e9reo. \u00c9 fundamental consultar essas fontes para entender seus direitos e as obriga\u00e7\u00f5es dos prestadores de servi\u00e7o.<\/p>\n<p><strong>Como a tecnologia e a digitaliza\u00e7\u00e3o est\u00e3o influenciando o planejamento de viagens para pessoas com mobilidade reduzida?<\/strong><\/p>\n<p>A tecnologia facilita a pesquisa de destinos, acomoda\u00e7\u00f5es e transportes acess\u00edveis por meio de aplicativos e sites especializados. Mapas interativos, ferramentas de tradu\u00e7\u00e3o e dispositivos de comunica\u00e7\u00e3o aprimoram a experi\u00eancia de viagem. A digitaliza\u00e7\u00e3o permite reservas e comunica\u00e7\u00e3o mais eficientes com prestadores de servi\u00e7o, simplificando todo o processo para o viajante.<\/p>\n","protected":false},"excerpt":{"rendered":"<p>Abordagens Essenciais para Viagens Acess\u00edveis e Inclusivas Planejando viagens com pessoas com mobilidade reduzida exige uma aten\u00e7\u00e3o especial a detalhes que, em outras circunst\u00e2ncias, poderiam&hellip;<\/p>\n","protected":false},"author":1,"featured_media":153,"comment_status":"open","ping_status":"open","sticky":false,"template":"","format":"standard","meta":{"footnotes":""},"categories":[1],"tags":[],"class_list":["post-152","post","type-post","status-publish","format-standard","has-post-thumbnail","hentry","category-seguro-viagem",""],"yoast_head":"<!-- This site is optimized with the Yoast SEO Premium plugin v25.9 (Yoast SEO v27.5) - https:\/\/yoast.com\/product\/yoast-seo-premium-wordpress\/ -->\n<title>Planejando viagens com pessoas com mobilidade reduzida - Sua Viagem Brasil<\/title>\n<meta name=\"robots\" content=\"index, follow, max-snippet:-1, max-image-preview:large, max-video-preview:-1\" \/>\n<link rel=\"canonical\" href=\"https:\/\/suaviagembrasil.com.br\/blog\/planejando-viagens-com-pessoas-com-mobilidade-reduzida\/\" \/>\n<meta property=\"og:locale\" content=\"pt_BR\" \/>\n<meta property=\"og:type\" content=\"article\" \/>\n<meta property=\"og:title\" content=\"Planejando viagens com pessoas com mobilidade reduzida\" \/>\n<meta property=\"og:description\" content=\"Abordagens Essenciais para Viagens Acess\u00edveis e Inclusivas Planejando viagens com pessoas com mobilidade reduzida exige uma aten\u00e7\u00e3o especial a detalhes que, em outras circunst\u00e2ncias, poderiam&hellip;\" \/>\n<meta property=\"og:url\" content=\"https:\/\/suaviagembrasil.com.br\/blog\/planejando-viagens-com-pessoas-com-mobilidade-reduzida\/\" \/>\n<meta property=\"og:site_name\" content=\"Sua Viagem Brasil\" \/>\n<meta property=\"article:published_time\" content=\"2026-02-02T08:01:09+00:00\" \/>\n<meta name=\"author\" content=\"Digitall Evolution\" \/>\n<meta name=\"twitter:card\" content=\"summary_large_image\" \/>\n<meta name=\"twitter:label1\" content=\"Escrito por\" \/>\n\t<meta name=\"twitter:data1\" content=\"Digitall Evolution\" \/>\n\t<meta name=\"twitter:label2\" content=\"Est. tempo de leitura\" \/>\n\t<meta name=\"twitter:data2\" content=\"13 minutos\" \/>\n<script type=\"application\/ld+json\" class=\"yoast-schema-graph\">{\"@context\":\"https:\\\/\\\/schema.org\",\"@graph\":[{\"@type\":\"Article\",\"@id\":\"https:\\\/\\\/suaviagembrasil.com.br\\\/blog\\\/planejando-viagens-com-pessoas-com-mobilidade-reduzida\\\/#article\",\"isPartOf\":{\"@id\":\"https:\\\/\\\/suaviagembrasil.com.br\\\/blog\\\/planejando-viagens-com-pessoas-com-mobilidade-reduzida\\\/\"},\"author\":{\"name\":\"Digitall Evolution\",\"@id\":\"https:\\\/\\\/suaviagembrasil.com.br\\\/blog\\\/#\\\/schema\\\/person\\\/806349b2e7f0ad975a51552d0d50eaee\"},\"headline\":\"Planejando viagens com pessoas com mobilidade reduzida\",\"datePublished\":\"2026-02-02T08:01:09+00:00\",\"mainEntityOfPage\":{\"@id\":\"https:\\\/\\\/suaviagembrasil.com.br\\\/blog\\\/planejando-viagens-com-pessoas-com-mobilidade-reduzida\\\/\"},\"wordCount\":2653,\"commentCount\":0,\"publisher\":{\"@id\":\"https:\\\/\\\/suaviagembrasil.com.br\\\/blog\\\/#organization\"},\"image\":{\"@id\":\"https:\\\/\\\/suaviagembrasil.com.br\\\/blog\\\/planejando-viagens-com-pessoas-com-mobilidade-reduzida\\\/#primaryimage\"},\"thumbnailUrl\":\"https:\\\/\\\/suaviagembrasil.com.br\\\/blog\\\/wp-content\\\/uploads\\\/2026\\\/02\\\/Ly-Palavras-Chave.item_.json_.Keyword.replace-g-_-.png\",\"articleSection\":[\"Seguro Viagem\"],\"inLanguage\":\"pt-BR\",\"potentialAction\":[{\"@type\":\"CommentAction\",\"name\":\"Comment\",\"target\":[\"https:\\\/\\\/suaviagembrasil.com.br\\\/blog\\\/planejando-viagens-com-pessoas-com-mobilidade-reduzida\\\/#respond\"]}]},{\"@type\":\"WebPage\",\"@id\":\"https:\\\/\\\/suaviagembrasil.com.br\\\/blog\\\/planejando-viagens-com-pessoas-com-mobilidade-reduzida\\\/\",\"url\":\"https:\\\/\\\/suaviagembrasil.com.br\\\/blog\\\/planejando-viagens-com-pessoas-com-mobilidade-reduzida\\\/\",\"name\":\"Planejando viagens com pessoas com mobilidade reduzida - Sua Viagem Brasil\",\"isPartOf\":{\"@id\":\"https:\\\/\\\/suaviagembrasil.com.br\\\/blog\\\/#website\"},\"primaryImageOfPage\":{\"@id\":\"https:\\\/\\\/suaviagembrasil.com.br\\\/blog\\\/planejando-viagens-com-pessoas-com-mobilidade-reduzida\\\/#primaryimage\"},\"image\":{\"@id\":\"https:\\\/\\\/suaviagembrasil.com.br\\\/blog\\\/planejando-viagens-com-pessoas-com-mobilidade-reduzida\\\/#primaryimage\"},\"thumbnailUrl\":\"https:\\\/\\\/suaviagembrasil.com.br\\\/blog\\\/wp-content\\\/uploads\\\/2026\\\/02\\\/Ly-Palavras-Chave.item_.json_.Keyword.replace-g-_-.png\",\"datePublished\":\"2026-02-02T08:01:09+00:00\",\"breadcrumb\":{\"@id\":\"https:\\\/\\\/suaviagembrasil.com.br\\\/blog\\\/planejando-viagens-com-pessoas-com-mobilidade-reduzida\\\/#breadcrumb\"},\"inLanguage\":\"pt-BR\",\"potentialAction\":[{\"@type\":\"ReadAction\",\"target\":[\"https:\\\/\\\/suaviagembrasil.com.br\\\/blog\\\/planejando-viagens-com-pessoas-com-mobilidade-reduzida\\\/\"]}]},{\"@type\":\"ImageObject\",\"inLanguage\":\"pt-BR\",\"@id\":\"https:\\\/\\\/suaviagembrasil.com.br\\\/blog\\\/planejando-viagens-com-pessoas-com-mobilidade-reduzida\\\/#primaryimage\",\"url\":\"https:\\\/\\\/suaviagembrasil.com.br\\\/blog\\\/wp-content\\\/uploads\\\/2026\\\/02\\\/Ly-Palavras-Chave.item_.json_.Keyword.replace-g-_-.png\",\"contentUrl\":\"https:\\\/\\\/suaviagembrasil.com.br\\\/blog\\\/wp-content\\\/uploads\\\/2026\\\/02\\\/Ly-Palavras-Chave.item_.json_.Keyword.replace-g-_-.png\",\"width\":1024,\"height\":1024},{\"@type\":\"BreadcrumbList\",\"@id\":\"https:\\\/\\\/suaviagembrasil.com.br\\\/blog\\\/planejando-viagens-com-pessoas-com-mobilidade-reduzida\\\/#breadcrumb\",\"itemListElement\":[{\"@type\":\"ListItem\",\"position\":1,\"name\":\"In\u00edcio\",\"item\":\"https:\\\/\\\/suaviagembrasil.com.br\\\/blog\\\/\"},{\"@type\":\"ListItem\",\"position\":2,\"name\":\"Planejando viagens com pessoas com mobilidade reduzida\"}]},{\"@type\":\"WebSite\",\"@id\":\"https:\\\/\\\/suaviagembrasil.com.br\\\/blog\\\/#website\",\"url\":\"https:\\\/\\\/suaviagembrasil.com.br\\\/blog\\\/\",\"name\":\"Sua Viagem Brasil\",\"description\":\"\",\"publisher\":{\"@id\":\"https:\\\/\\\/suaviagembrasil.com.br\\\/blog\\\/#organization\"},\"potentialAction\":[{\"@type\":\"SearchAction\",\"target\":{\"@type\":\"EntryPoint\",\"urlTemplate\":\"https:\\\/\\\/suaviagembrasil.com.br\\\/blog\\\/?s={search_term_string}\"},\"query-input\":{\"@type\":\"PropertyValueSpecification\",\"valueRequired\":true,\"valueName\":\"search_term_string\"}}],\"inLanguage\":\"pt-BR\"},{\"@type\":\"Organization\",\"@id\":\"https:\\\/\\\/suaviagembrasil.com.br\\\/blog\\\/#organization\",\"name\":\"Sua Viagem Brasil\",\"url\":\"https:\\\/\\\/suaviagembrasil.com.br\\\/blog\\\/\",\"logo\":{\"@type\":\"ImageObject\",\"inLanguage\":\"pt-BR\",\"@id\":\"https:\\\/\\\/suaviagembrasil.com.br\\\/blog\\\/#\\\/schema\\\/logo\\\/image\\\/\",\"url\":\"https:\\\/\\\/suaviagembrasil.com.br\\\/blog\\\/wp-content\\\/uploads\\\/2024\\\/09\\\/logo-sua-viagem.png\",\"contentUrl\":\"https:\\\/\\\/suaviagembrasil.com.br\\\/blog\\\/wp-content\\\/uploads\\\/2024\\\/09\\\/logo-sua-viagem.png\",\"width\":263,\"height\":112,\"caption\":\"Sua Viagem Brasil\"},\"image\":{\"@id\":\"https:\\\/\\\/suaviagembrasil.com.br\\\/blog\\\/#\\\/schema\\\/logo\\\/image\\\/\"}},{\"@type\":\"Person\",\"@id\":\"https:\\\/\\\/suaviagembrasil.com.br\\\/blog\\\/#\\\/schema\\\/person\\\/806349b2e7f0ad975a51552d0d50eaee\",\"name\":\"Digitall Evolution\",\"image\":{\"@type\":\"ImageObject\",\"inLanguage\":\"pt-BR\",\"@id\":\"https:\\\/\\\/secure.gravatar.com\\\/avatar\\\/689a04389b44d5a4eb749afa368a137379242a4d988d943910b7aa4085b3e4a7?s=96&d=mm&r=g\",\"url\":\"https:\\\/\\\/secure.gravatar.com\\\/avatar\\\/689a04389b44d5a4eb749afa368a137379242a4d988d943910b7aa4085b3e4a7?s=96&d=mm&r=g\",\"contentUrl\":\"https:\\\/\\\/secure.gravatar.com\\\/avatar\\\/689a04389b44d5a4eb749afa368a137379242a4d988d943910b7aa4085b3e4a7?s=96&d=mm&r=g\",\"caption\":\"Digitall Evolution\"},\"sameAs\":[\"https:\\\/\\\/suaviagembrasil.com.br\\\/blog\"],\"url\":\"https:\\\/\\\/suaviagembrasil.com.br\\\/blog\\\/author\\\/digitall-evolution\\\/\"}]}<\/script>\n<!-- \/ Yoast SEO Premium plugin. -->","yoast_head_json":{"title":"Planejando viagens com pessoas com mobilidade reduzida - Sua Viagem Brasil","robots":{"index":"index","follow":"follow","max-snippet":"max-snippet:-1","max-image-preview":"max-image-preview:large","max-video-preview":"max-video-preview:-1"},"canonical":"https:\/\/suaviagembrasil.com.br\/blog\/planejando-viagens-com-pessoas-com-mobilidade-reduzida\/","og_locale":"pt_BR","og_type":"article","og_title":"Planejando viagens com pessoas com mobilidade reduzida","og_description":"Abordagens Essenciais para Viagens Acess\u00edveis e Inclusivas Planejando viagens com pessoas com mobilidade reduzida exige uma aten\u00e7\u00e3o especial a detalhes que, em outras circunst\u00e2ncias, poderiam&hellip;","og_url":"https:\/\/suaviagembrasil.com.br\/blog\/planejando-viagens-com-pessoas-com-mobilidade-reduzida\/","og_site_name":"Sua Viagem Brasil","article_published_time":"2026-02-02T08:01:09+00:00","author":"Digitall Evolution","twitter_card":"summary_large_image","twitter_misc":{"Escrito por":"Digitall Evolution","Est. tempo de leitura":"13 minutos"},"schema":{"@context":"https:\/\/schema.org","@graph":[{"@type":"Article","@id":"https:\/\/suaviagembrasil.com.br\/blog\/planejando-viagens-com-pessoas-com-mobilidade-reduzida\/#article","isPartOf":{"@id":"https:\/\/suaviagembrasil.com.br\/blog\/planejando-viagens-com-pessoas-com-mobilidade-reduzida\/"},"author":{"name":"Digitall Evolution","@id":"https:\/\/suaviagembrasil.com.br\/blog\/#\/schema\/person\/806349b2e7f0ad975a51552d0d50eaee"},"headline":"Planejando viagens com pessoas com mobilidade reduzida","datePublished":"2026-02-02T08:01:09+00:00","mainEntityOfPage":{"@id":"https:\/\/suaviagembrasil.com.br\/blog\/planejando-viagens-com-pessoas-com-mobilidade-reduzida\/"},"wordCount":2653,"commentCount":0,"publisher":{"@id":"https:\/\/suaviagembrasil.com.br\/blog\/#organization"},"image":{"@id":"https:\/\/suaviagembrasil.com.br\/blog\/planejando-viagens-com-pessoas-com-mobilidade-reduzida\/#primaryimage"},"thumbnailUrl":"https:\/\/suaviagembrasil.com.br\/blog\/wp-content\/uploads\/2026\/02\/Ly-Palavras-Chave.item_.json_.Keyword.replace-g-_-.png","articleSection":["Seguro Viagem"],"inLanguage":"pt-BR","potentialAction":[{"@type":"CommentAction","name":"Comment","target":["https:\/\/suaviagembrasil.com.br\/blog\/planejando-viagens-com-pessoas-com-mobilidade-reduzida\/#respond"]}]},{"@type":"WebPage","@id":"https:\/\/suaviagembrasil.com.br\/blog\/planejando-viagens-com-pessoas-com-mobilidade-reduzida\/","url":"https:\/\/suaviagembrasil.com.br\/blog\/planejando-viagens-com-pessoas-com-mobilidade-reduzida\/","name":"Planejando viagens com pessoas com mobilidade reduzida - Sua Viagem Brasil","isPartOf":{"@id":"https:\/\/suaviagembrasil.com.br\/blog\/#website"},"primaryImageOfPage":{"@id":"https:\/\/suaviagembrasil.com.br\/blog\/planejando-viagens-com-pessoas-com-mobilidade-reduzida\/#primaryimage"},"image":{"@id":"https:\/\/suaviagembrasil.com.br\/blog\/planejando-viagens-com-pessoas-com-mobilidade-reduzida\/#primaryimage"},"thumbnailUrl":"https:\/\/suaviagembrasil.com.br\/blog\/wp-content\/uploads\/2026\/02\/Ly-Palavras-Chave.item_.json_.Keyword.replace-g-_-.png","datePublished":"2026-02-02T08:01:09+00:00","breadcrumb":{"@id":"https:\/\/suaviagembrasil.com.br\/blog\/planejando-viagens-com-pessoas-com-mobilidade-reduzida\/#breadcrumb"},"inLanguage":"pt-BR","potentialAction":[{"@type":"ReadAction","target":["https:\/\/suaviagembrasil.com.br\/blog\/planejando-viagens-com-pessoas-com-mobilidade-reduzida\/"]}]},{"@type":"ImageObject","inLanguage":"pt-BR","@id":"https:\/\/suaviagembrasil.com.br\/blog\/planejando-viagens-com-pessoas-com-mobilidade-reduzida\/#primaryimage","url":"https:\/\/suaviagembrasil.com.br\/blog\/wp-content\/uploads\/2026\/02\/Ly-Palavras-Chave.item_.json_.Keyword.replace-g-_-.png","contentUrl":"https:\/\/suaviagembrasil.com.br\/blog\/wp-content\/uploads\/2026\/02\/Ly-Palavras-Chave.item_.json_.Keyword.replace-g-_-.png","width":1024,"height":1024},{"@type":"BreadcrumbList","@id":"https:\/\/suaviagembrasil.com.br\/blog\/planejando-viagens-com-pessoas-com-mobilidade-reduzida\/#breadcrumb","itemListElement":[{"@type":"ListItem","position":1,"name":"In\u00edcio","item":"https:\/\/suaviagembrasil.com.br\/blog\/"},{"@type":"ListItem","position":2,"name":"Planejando viagens com pessoas com mobilidade reduzida"}]},{"@type":"WebSite","@id":"https:\/\/suaviagembrasil.com.br\/blog\/#website","url":"https:\/\/suaviagembrasil.com.br\/blog\/","name":"Sua Viagem Brasil","description":"","publisher":{"@id":"https:\/\/suaviagembrasil.com.br\/blog\/#organization"},"potentialAction":[{"@type":"SearchAction","target":{"@type":"EntryPoint","urlTemplate":"https:\/\/suaviagembrasil.com.br\/blog\/?s={search_term_string}"},"query-input":{"@type":"PropertyValueSpecification","valueRequired":true,"valueName":"search_term_string"}}],"inLanguage":"pt-BR"},{"@type":"Organization","@id":"https:\/\/suaviagembrasil.com.br\/blog\/#organization","name":"Sua Viagem Brasil","url":"https:\/\/suaviagembrasil.com.br\/blog\/","logo":{"@type":"ImageObject","inLanguage":"pt-BR","@id":"https:\/\/suaviagembrasil.com.br\/blog\/#\/schema\/logo\/image\/","url":"https:\/\/suaviagembrasil.com.br\/blog\/wp-content\/uploads\/2024\/09\/logo-sua-viagem.png","contentUrl":"https:\/\/suaviagembrasil.com.br\/blog\/wp-content\/uploads\/2024\/09\/logo-sua-viagem.png","width":263,"height":112,"caption":"Sua Viagem Brasil"},"image":{"@id":"https:\/\/suaviagembrasil.com.br\/blog\/#\/schema\/logo\/image\/"}},{"@type":"Person","@id":"https:\/\/suaviagembrasil.com.br\/blog\/#\/schema\/person\/806349b2e7f0ad975a51552d0d50eaee","name":"Digitall Evolution","image":{"@type":"ImageObject","inLanguage":"pt-BR","@id":"https:\/\/secure.gravatar.com\/avatar\/689a04389b44d5a4eb749afa368a137379242a4d988d943910b7aa4085b3e4a7?s=96&d=mm&r=g","url":"https:\/\/secure.gravatar.com\/avatar\/689a04389b44d5a4eb749afa368a137379242a4d988d943910b7aa4085b3e4a7?s=96&d=mm&r=g","contentUrl":"https:\/\/secure.gravatar.com\/avatar\/689a04389b44d5a4eb749afa368a137379242a4d988d943910b7aa4085b3e4a7?s=96&d=mm&r=g","caption":"Digitall Evolution"},"sameAs":["https:\/\/suaviagembrasil.com.br\/blog"],"url":"https:\/\/suaviagembrasil.com.br\/blog\/author\/digitall-evolution\/"}]}},"_links":{"self":[{"href":"https:\/\/suaviagembrasil.com.br\/blog\/wp-json\/wp\/v2\/posts\/152","targetHints":{"allow":["GET"]}}],"collection":[{"href":"https:\/\/suaviagembrasil.com.br\/blog\/wp-json\/wp\/v2\/posts"}],"about":[{"href":"https:\/\/suaviagembrasil.com.br\/blog\/wp-json\/wp\/v2\/types\/post"}],"author":[{"embeddable":true,"href":"https:\/\/suaviagembrasil.com.br\/blog\/wp-json\/wp\/v2\/users\/1"}],"replies":[{"embeddable":true,"href":"https:\/\/suaviagembrasil.com.br\/blog\/wp-json\/wp\/v2\/comments?post=152"}],"version-history":[{"count":0,"href":"https:\/\/suaviagembrasil.com.br\/blog\/wp-json\/wp\/v2\/posts\/152\/revisions"}],"wp:featuredmedia":[{"embeddable":true,"href":"https:\/\/suaviagembrasil.com.br\/blog\/wp-json\/wp\/v2\/media\/153"}],"wp:attachment":[{"href":"https:\/\/suaviagembrasil.com.br\/blog\/wp-json\/wp\/v2\/media?parent=152"}],"wp:term":[{"taxonomy":"category","embeddable":true,"href":"https:\/\/suaviagembrasil.com.br\/blog\/wp-json\/wp\/v2\/categories?post=152"},{"taxonomy":"post_tag","embeddable":true,"href":"https:\/\/suaviagembrasil.com.br\/blog\/wp-json\/wp\/v2\/tags?post=152"}],"curies":[{"name":"wp","href":"https:\/\/api.w.org\/{rel}","templated":true}]}}